{"id":1478,"date":"2025-05-29T23:00:26","date_gmt":"2025-05-29T20:00:26","guid":{"rendered":"https:\/\/derstakip.app\/blog\/2025-yks-calisma-programi-avrupa-ve-osmanli-devleti-18-yuzyil-icin-stratejiler-2\/"},"modified":"2025-05-29T23:00:26","modified_gmt":"2025-05-29T20:00:26","slug":"2025-yks-calisma-programi-avrupa-ve-osmanli-devleti-18-yuzyil-icin-stratejiler-2","status":"publish","type":"post","link":"https:\/\/derstakip.app\/blog\/2025-yks-calisma-programi-avrupa-ve-osmanli-devleti-18-yuzyil-icin-stratejiler-2\/","title":{"rendered":"2025 YKS \u00c7al\u0131\u015fma Program\u0131: Avrupa ve Osmanl\u0131 Devleti (18. Y\u00fczy\u0131l) \u0130\u00e7in Stratejiler"},"content":{"rendered":"<p>2025 YKS \u00c7al\u0131\u015fma Program\u0131 i\u00e7in haz\u0131rl\u0131k a\u015famas\u0131nda, Tarih-2 dersi kapsam\u0131nda Avrupa ve Osmanl\u0131 Devleti&#8217;nin 18. Y\u00fczy\u0131l d\u00f6nemine odaklanmak olduk\u00e7a \u00f6nemli. Bu d\u00f6nemde ya\u015fanan siyasi, sosyal ve ekonomik de\u011fi\u015fimleri kavramak, 2025 AYT \u00c7al\u0131\u015fma Program\u0131\u2019na uygun \u015fekilde konuyu ele alman\u0131 sa\u011fl\u0131yor. Hadi o zaman, bu konuda nas\u0131l daha etkili \u00e7al\u0131\u015fabilece\u011fine bakal\u0131m! \ud83c\udf93<\/p>\n<h2>Konuya Giri\u015f: Neden \u00d6nemli?<\/h2>\n<p>Avrupa ve Osmanl\u0131 Devleti, 18. y\u00fczy\u0131lda b\u00fcy\u00fck bir d\u00f6n\u00fc\u015f\u00fcm ya\u015f\u0131yordu. Reform hareketleri, sanayi devrimi ve d\u00fcnya genelinde geli\u015fen siyasi olaylar, bu d\u00f6nemi \u015fekillendirmi\u015ftir. Bu nedenle, sadece tarih bilgisi de\u011fil, ayn\u0131 zamanda bu bilgilerin analizi de \u00f6nemli hale geliyor. \u00d6zellikle s\u0131nav \u00f6ncesi, konuya dair detayl\u0131 bir \u00e7al\u0131\u015fma plan\u0131 olu\u015fturarak ba\u015far\u0131 oran\u0131n\u0131z\u0131 art\u0131rabilirsiniz. \ud83d\ude80<\/p>\n<h3>\u0130yi Bir \u00c7al\u0131\u015fma Stratejisi Nas\u0131l Olmal\u0131?<\/h3>\n<p>\u00d6ncelikle belirli bir takvim olu\u015fturmal\u0131s\u0131n\u0131z. Hedefleriniz do\u011frultusunda, Avrupa ve Osmanl\u0131 Devleti konusunu par\u00e7alar halinde ele almak daha verimli olacakt\u0131r. \u0130sterseniz, haftal\u0131k bir plan yaparak her g\u00fcn belirli bir konu \u00fczerinde \u00e7al\u0131\u015fabilirsiniz. \u00d6rne\u011fin, ilk g\u00fcn Avrupa&#8217;daki reform hareketlerine, sonraki g\u00fcn ise Osmanl\u0131 Devleti&#8217;nin y\u00f6netim \u015fekline odaklanmak mant\u0131kl\u0131 bir strateji olabilir. \ud83d\udcc5<\/p>\n<h4>Kaynak Se\u00e7imi<\/h4>\n<p>Do\u011fru kaynaklar\u0131 kullanmak ba\u015far\u0131 \u015fans\u0131n\u0131z\u0131 art\u0131r\u0131r. G\u00fcncel ve ge\u00e7erli kitaplardan, online platformlardan, belgesellerden ve ders notlar\u0131ndan faydalanabilirsiniz. \u00d6zellikle, somut g\u00f6rsellerle bilgilerinize destek sa\u011flamak; haritalar, tablolar ve grafikler gibi yard\u0131mc\u0131 materyaller kullanmak, konuyu daha iyi anlaman\u0131z\u0131 sa\u011flar. Ayr\u0131ca, farkl\u0131 bak\u0131\u015f a\u00e7\u0131lar\u0131na sahip kaynaklar da okumak, derinlemesine kavray\u0131\u015f\u0131n\u0131za yard\u0131mc\u0131 olabilir. \ud83d\udcda<\/p>\n<h3>\u0130lerlemenizi Takip Edin<\/h3>\n<p>\u00c7al\u0131\u015fma seanslar\u0131n\u0131z\u0131 kaydedip ilerlemenizi analiz etmek b\u00fcy\u00fck bir avantaj sa\u011flar. DersTakip uygulamas\u0131, size bu konuda yard\u0131mc\u0131 olabilir. \u00c7al\u0131\u015fma s\u00fcrelerinizi kaydedebilir, ilerlemenizi takip edebilir ve hedeflerinizi belirleyebilirsiniz. Unutmay\u0131n, hangi konularda daha fazla zorland\u0131\u011f\u0131n\u0131za odaklanmak, eksiklerinizi kapatman\u0131za yard\u0131mc\u0131 olacakt\u0131r. \ud83d\udc69\u200d\ud83c\udf93\ud83d\udc68\u200d\ud83c\udf93<\/p>\n<h4>Sa\u011fl\u0131kl\u0131 \u00c7al\u0131\u015fma Ortam\u0131<\/h4>\n<p>\u00c7al\u0131\u015fma ortam\u0131n\u0131z\u0131 d\u00fczenlemek de olduk\u00e7a \u00f6nemli. Rahat bir masa, iyi ayd\u0131nlatma ve dikkat da\u011f\u0131t\u0131c\u0131 unsurlardan uzak bir yer se\u00e7in. Seminere kat\u0131lmak, grup \u00e7al\u0131\u015fmalar\u0131 yapmak da faydal\u0131 olabilir. Bilgi aktar\u0131m\u0131 yapan \u00f6\u011fretmenleriniz veya arkada\u015flar\u0131n\u0131zla tart\u0131\u015fmalar yaparak, bilgilerinizi peki\u015ftirebilirsiniz. \u00d6nemli olandan konsantre olmal\u0131, ba\u015flamak i\u00e7in harekete ge\u00e7melisiniz. \ud83d\udcaa\u2728<\/p>\n<h3>Son Dakika Notlar\u0131<\/h3>\n<p>Son g\u00fcnlerde, s\u0131navda s\u0131k\u00e7a \u00e7\u0131kan sorular\u0131 incelemek de olduk\u00e7a faydal\u0131 olabilir. Ge\u00e7mi\u015f YKS AYT s\u0131nav sorular\u0131n\u0131 \u00e7\u00f6zerek, hangi konulardan daha \u00e7ok soru geldi\u011fini g\u00f6rebilirsiniz. Bu, zaman y\u00f6netimini \u00f6\u011frenmek ad\u0131na size b\u00fcy\u00fck bir avantaj sa\u011flayacak. Bunun yan\u0131 s\u0131ra, \u00e7\u00f6z\u00fcm y\u00f6ntemleri \u00fczerine de d\u00fc\u015f\u00fcnmelisiniz. Sorulara nas\u0131l yakla\u015fman\u0131z gerekti\u011fini belirlemek, s\u0131nav stresinizi azaltacakt\u0131r. \ud83d\udcdd\ud83d\ude0c<\/p>\n<h4>Motivasyonunuzu Y\u00fcksek Tutun<\/h4>\n<p>\u00c7al\u0131\u015fma esnas\u0131nda motivasyonunuzu y\u00fcksek tutmak da olduk\u00e7a \u00f6nemlidir. Kendinize k\u00fc\u00e7\u00fck \u00f6d\u00fcller belirleyebilir, sevdi\u011finiz aktivitelerle \u00e7al\u0131\u015ft\u0131\u011f\u0131n\u0131z s\u00fcreleri dengelemeye \u00e7al\u0131\u015fabilirsiniz. Ayn\u0131 zamanda, hedeflerinizi s\u00fcrekli g\u00f6z \u00f6n\u00fcnde bulundurmak, motive kalman\u0131z\u0131 sa\u011flayacakt\u0131r. Hedeflerinize ula\u015ft\u0131\u011f\u0131n\u0131zda, sevin\u00e7le kar\u015f\u0131lad\u0131\u011f\u0131n\u0131z anlar sizi daha da motive edecektir. \ud83c\udf89\ud83c\udfaf<\/p>\n<p>Unutmay\u0131n, d\u00fczenli ve planl\u0131 bir \u00e7al\u0131\u015fma ile Avrupa ve Osmanl\u0131 Devleti (18. Y\u00fczy\u0131l) konusunu ba\u015far\u0131l\u0131 bir \u015fekilde ge\u00e7mek m\u00fcmk\u00fcn! 2025 YKS \u00c7al\u0131\u015fma Program\u0131&#8217;na uyum sa\u011flaman\u0131n yolu buradan ge\u00e7iyor. Ba\u015far\u0131lar dilerim! \ud83c\udf1f<\/p>\n","protected":false},"excerpt":{"rendered":"<p>2025 YKS \u00c7al\u0131\u015fma Program\u0131 i\u00e7in haz\u0131rl\u0131k a\u015famas\u0131nda, Tarih-2 dersi kapsam\u0131nda Avrupa ve Osmanl\u0131 Devleti&#8217;nin 18. Y\u00fczy\u0131l d\u00f6nemine odaklanmak olduk\u00e7a \u00f6nemli. Bu d\u00f6nemde ya\u015fanan siyasi, sosyal ve ekonomik de\u011fi\u015fimleri kavramak, 2025 AYT \u00c7al\u0131\u015fma Program\u0131\u2019na uygun \u015fekilde konuyu ele alman\u0131 sa\u011fl\u0131yor. Hadi o zaman, bu konuda nas\u0131l daha etkili \u00e7al\u0131\u015fabilece\u011fine bakal\u0131m! \ud83c\udf93 Konuya Giri\u015f: Neden \u00d6nemli? Avrupa&#8230;<\/p>\n","protected":false},"author":1,"featured_media":1477,"comment_status":"open","ping_status":"open","sticky":false,"template":"","format":"standard","meta":{"footnotes":""},"categories":[58,55],"tags":[],"class_list":["post-1478","post","type-post","status-publish","format-standard","has-post-thumbnail","hentry","category-tyt-fizik-calisma-programi","category-tyt-calisma-programi"],"_links":{"self":[{"href":"https:\/\/derstakip.app\/blog\/wp-json\/wp\/v2\/posts\/1478","targetHints":{"allow":["GET"]}}],"collection":[{"href":"https:\/\/derstakip.app\/blog\/wp-json\/wp\/v2\/posts"}],"about":[{"href":"https:\/\/derstakip.app\/blog\/wp-json\/wp\/v2\/types\/post"}],"author":[{"embeddable":true,"href":"https:\/\/derstakip.app\/blog\/wp-json\/wp\/v2\/users\/1"}],"replies":[{"embeddable":true,"href":"https:\/\/derstakip.app\/blog\/wp-json\/wp\/v2\/comments?post=1478"}],"version-history":[{"count":0,"href":"https:\/\/derstakip.app\/blog\/wp-json\/wp\/v2\/posts\/1478\/revisions"}],"wp:featuredmedia":[{"embeddable":true,"href":"https:\/\/derstakip.app\/blog\/wp-json\/wp\/v2\/media\/1477"}],"wp:attachment":[{"href":"https:\/\/derstakip.app\/blog\/wp-json\/wp\/v2\/media?parent=1478"}],"wp:term":[{"taxonomy":"category","embeddable":true,"href":"https:\/\/derstakip.app\/blog\/wp-json\/wp\/v2\/categories?post=1478"},{"taxonomy":"post_tag","embeddable":true,"href":"https:\/\/derstakip.app\/blog\/wp-json\/wp\/v2\/tags?post=1478"}],"curies":[{"name":"wp","href":"https:\/\/api.w.org\/{rel}","templated":true}]}}