{"id":1100,"date":"2025-04-17T13:25:28","date_gmt":"2025-04-17T10:25:28","guid":{"rendered":"https:\/\/derstakip.app\/blog\/2025-tus-sinav-sonuclari-ne-zaman-aciklanacak-osym-sonuc-sorgulama-ekrani\/"},"modified":"2025-04-17T13:25:28","modified_gmt":"2025-04-17T10:25:28","slug":"2025-tus-sinav-sonuclari-ne-zaman-aciklanacak-osym-sonuc-sorgulama-ekrani","status":"publish","type":"post","link":"https:\/\/derstakip.app\/blog\/2025-tus-sinav-sonuclari-ne-zaman-aciklanacak-osym-sonuc-sorgulama-ekrani\/","title":{"rendered":"2025 TUS S\u0131nav Sonu\u00e7lar\u0131 Ne Zaman A\u00e7\u0131klanacak? \u00d6SYM Sonu\u00e7 Sorgulama Ekran\u0131"},"content":{"rendered":"<p>2025 TUS s\u0131nav\u0131 i\u00e7in haz\u0131rlanan \u00f6\u011frenciler, s\u0131nav sonu\u00e7lar\u0131n\u0131n a\u00e7\u0131klanaca\u011f\u0131 tarih konusunda b\u00fcy\u00fck bir merak i\u00e7inde. \u00d6\u011frenciler, \u201cTUS 2025 sonu\u00e7 \u00f6\u011frenme ekran\u0131\u201d \u00fczerinden bu \u00f6nemli bilgiyi \u00f6\u011frenmek i\u00e7in g\u00fcn say\u0131yor. Milli Savunma \u00dcniversitesi Askeri \u00d6\u011frenci Aday Belirleme S\u0131nav\u0131 (2025-MS\u00dc) gibi di\u011fer s\u0131navlar\u0131n sonu\u00e7lar\u0131 da ayn\u0131 merakla bekleniyor. Peki, \u00d6SYM, TUS sonu\u00e7lar\u0131n\u0131 ne zaman a\u00e7\u0131klayacak? Gelin bu konuyu birlikte inceleyelim! \ud83d\udcc5<\/p>\n<h2>TUS 2025 Sonu\u00e7lar\u0131n\u0131n A\u00e7\u0131klanma Tarihi<\/h2>\n<p>\u00d6SYM taraf\u0131ndan yap\u0131lan a\u00e7\u0131klamalara g\u00f6re, 2025 TUS s\u0131nav sonu\u00e7lar\u0131 18 Mart 2025 tarihinde a\u00e7\u0131klanacak. S\u0131navdan sonra sonu\u00e7lar i\u00e7in g\u00f6zler \u00d6SYM&#8217;nin sonu\u00e7 sorgulama ekran\u0131nda olacak. Adaylar, <a href=\"https:\/\/sonuc.osym.gov.tr\" target=\"_blank\" rel=\"noopener\">https:\/\/sonuc.osym.gov.tr<\/a> adresine giri\u015f yaparak, T.C. Kimlik Numaras\u0131 ve \u015fifreleriyle sonu\u00e7lar\u0131n\u0131 \u00f6\u011frenebilecekler. Bu sistemin kullan\u0131m\u0131 olduk\u00e7a basit ve h\u0131zl\u0131. Sonu\u00e7 belgesi ise adaylara g\u00f6nderilmeyecek; internet \u00fczerinden duyurulan bilgiler ge\u00e7erli say\u0131lacak.<\/p>\n<h3>Sonu\u00e7 Sorgulama \u0130le \u0130lgili Bilgiler<\/h3>\n<p>MS\u00dc s\u0131nav\u0131nda oldu\u011fu gibi, TUS sonu\u00e7lar\u0131 da belirlenen tarihte a\u00e7\u0131klanacak. S\u0131nav sonu\u00e7lar\u0131, her aday\u0131n do\u011fru ve yanl\u0131\u015f cevaplar\u0131 dikkate al\u0131narak de\u011ferlendirilecek. Do\u011fru cevap say\u0131s\u0131ndan, yanl\u0131\u015f cevap say\u0131s\u0131n\u0131n d\u00f6rtte biri \u00e7\u0131kar\u0131larak aday\u0131n alm\u0131\u015f oldu\u011fu ham puan hesaplanacak. B\u00f6ylelikle, TUS 2025 sonu\u00e7 \u00f6\u011frenme ekran\u0131nda yer alan bilgiler do\u011frultusunda adaylar, ba\u015far\u0131 durumlar\u0131n\u0131 analiz edebilecekler. \ud83d\udcca<\/p>\n<h4>MS\u00dc i\u00e7in de G\u00f6zler \u00d6SYM\u2019de<\/h4>\n<p>MS\u00dc s\u0131nav\u0131 da 23 \u015eubat 2025 tarihinde tamamland\u0131. Bu s\u0131nav\u0131n sonu\u00e7lar\u0131 i\u00e7in ise 18 Mart 2025 tarihi bekleniyor. \u00d6SYM, her iki s\u0131nav\u0131n sonu\u00e7lar\u0131n\u0131n ayn\u0131 tarihte a\u00e7\u0131klanaca\u011f\u0131n\u0131 duyurdu. S\u0131nav sonu\u00e7 sorgulama i\u015flemi i\u00e7in yine \u00d6SYM\u2019nin web ekran\u0131 kullan\u0131lacak.<\/p>\n<h2>Erken A\u00e7\u0131klama Beklentileri<\/h2>\n<p>Baz\u0131 adaylar, sonu\u00e7lar\u0131n erken a\u00e7\u0131klan\u0131p a\u00e7\u0131klanmayaca\u011f\u0131na dair soru i\u015faretleri ta\u015f\u0131yor. Ancak, \u015fu ana kadar \u00d6SYM\u2019den bu konu hakk\u0131nda resmi bir a\u00e7\u0131klama gelmedi. Resmi takvimde yer alan tarihle kesinlikle hareket edilece\u011fi \u00f6ng\u00f6r\u00fcl\u00fcyor. E\u011fer sonu\u00e7lar tarihi bir de\u011fi\u015fikli\u011fe u\u011frarsa, bu durum bas\u0131nda geni\u015f bir \u015fekilde duyurulacakt\u0131r. \ud83d\udce2<\/p>\n<h3>Sonu\u00e7 Belgesi Kontrol Sistemi<\/h3>\n<p>\u00d6SYM, s\u0131nav sonu\u00e7 belgelerinin do\u011frulu\u011funu sa\u011flamak i\u00e7in &#8220;Sonu\u00e7 Belgesi Kontrol Sistemi&#8221; olu\u015fturmu\u015ftur. Adaylar, s\u0131nav sonu\u00e7lar\u0131na ula\u015fabilmek i\u00e7in <a href=\"https:\/\/sonuc.osym.gov.tr\" target=\"_blank\" rel=\"noopener\">buraya<\/a> t\u0131klayarak kontrol sistemine giri\u015f yapabilirler. B\u00f6ylelikle, do\u011frulama i\u015flemi de yap\u0131lm\u0131\u015f olacakt\u0131r.<\/p>\n<h4>De\u011ferlendirme S\u00fcreci<\/h4>\n<p>De\u011ferlendirme s\u00fcreci, her aday\u0131n do\u011fru ve yanl\u0131\u015f cevaplar\u0131n\u0131n analiz edilmesiyle ba\u015flamaktad\u0131r. Adaylara, TUS 2025 sonu\u00e7 \u00f6\u011frenme ekran\u0131nda, ald\u0131klar\u0131 puanlar dahilinde yol g\u00f6sterilecek. Sonu\u00e7lar\u0131n a\u00e7\u0131klanmas\u0131n\u0131 sab\u0131rs\u0131zl\u0131kla bekleyen adaylar, kendi performanslar\u0131n\u0131 de\u011ferlendirecek ve gelecek hedeflerini belirleyecek.<\/p>\n<h2>SSS (S\u0131k\u00e7a Sorulan Sorular)<\/h2>\n<h3>TUS 2025 sonu\u00e7lar\u0131 ne zaman a\u00e7\u0131klanacak?<\/h3>\n<p>2025 TUS s\u0131nav sonu\u00e7lar\u0131, 18 Mart 2025 tarihinde a\u00e7\u0131klanacakt\u0131r.<\/p>\n<h3>Sonu\u00e7lar\u0131 nas\u0131l \u00f6\u011frenebilirim?<\/h3>\n<p>S\u0131nav sonu\u00e7lar\u0131n\u0131, T.C. Kimlik Numaras\u0131 ve \u015fifrenizle \u00d6SYM\u2019nin <a href=\"https:\/\/sonuc.osym.gov.tr\" target=\"_blank\" rel=\"noopener\">sonu\u00e7 sorgulama ekran\u0131ndan<\/a> \u00f6\u011frenebilirsiniz.<\/p>\n<h3>Sonu\u00e7 belgesi benimle mi gelecek?<\/h3>\n<p>Hay\u0131r, sonu\u00e7 belgesi g\u00f6nderilmeyecek; sonu\u00e7lar internet \u00fczerinden a\u00e7\u0131klanacak.<\/p>\n<h3>Sonu\u00e7lar\u0131 erken \u00f6\u011frenme \u015fans\u0131m var m\u0131?<\/h3>\n<p>Resmi a\u00e7\u0131klamalara g\u00f6re, sonu\u00e7lar\u0131n erkenden a\u00e7\u0131klanmas\u0131 beklenmiyor. Her aday\u0131n sonu\u00e7lar\u0131 belirtilen tarihte a\u00e7\u0131klanacakt\u0131r.<\/p>\n","protected":false},"excerpt":{"rendered":"<p>2025 TUS s\u0131nav\u0131 i\u00e7in haz\u0131rlanan \u00f6\u011frenciler, s\u0131nav sonu\u00e7lar\u0131n\u0131n a\u00e7\u0131klanaca\u011f\u0131 tarih konusunda b\u00fcy\u00fck bir merak i\u00e7inde. \u00d6\u011frenciler, \u201cTUS 2025 sonu\u00e7 \u00f6\u011frenme ekran\u0131\u201d \u00fczerinden bu \u00f6nemli bilgiyi \u00f6\u011frenmek i\u00e7in g\u00fcn say\u0131yor. Milli Savunma \u00dcniversitesi Askeri \u00d6\u011frenci Aday Belirleme S\u0131nav\u0131 (2025-MS\u00dc) gibi di\u011fer s\u0131navlar\u0131n sonu\u00e7lar\u0131 da ayn\u0131 merakla bekleniyor. Peki, \u00d6SYM, TUS sonu\u00e7lar\u0131n\u0131 ne zaman a\u00e7\u0131klayacak? Gelin bu&#8230;<\/p>\n","protected":false},"author":1,"featured_media":1099,"comment_status":"open","ping_status":"open","sticky":false,"template":"","format":"standard","meta":{"footnotes":""},"categories":[84],"tags":[],"class_list":["post-1100","post","type-post","status-publish","format-standard","has-post-thumbnail","hentry","category-haber"],"_links":{"self":[{"href":"https:\/\/derstakip.app\/blog\/wp-json\/wp\/v2\/posts\/1100","targetHints":{"allow":["GET"]}}],"collection":[{"href":"https:\/\/derstakip.app\/blog\/wp-json\/wp\/v2\/posts"}],"about":[{"href":"https:\/\/derstakip.app\/blog\/wp-json\/wp\/v2\/types\/post"}],"author":[{"embeddable":true,"href":"https:\/\/derstakip.app\/blog\/wp-json\/wp\/v2\/users\/1"}],"replies":[{"embeddable":true,"href":"https:\/\/derstakip.app\/blog\/wp-json\/wp\/v2\/comments?post=1100"}],"version-history":[{"count":0,"href":"https:\/\/derstakip.app\/blog\/wp-json\/wp\/v2\/posts\/1100\/revisions"}],"wp:featuredmedia":[{"embeddable":true,"href":"https:\/\/derstakip.app\/blog\/wp-json\/wp\/v2\/media\/1099"}],"wp:attachment":[{"href":"https:\/\/derstakip.app\/blog\/wp-json\/wp\/v2\/media?parent=1100"}],"wp:term":[{"taxonomy":"category","embeddable":true,"href":"https:\/\/derstakip.app\/blog\/wp-json\/wp\/v2\/categories?post=1100"},{"taxonomy":"post_tag","embeddable":true,"href":"https:\/\/derstakip.app\/blog\/wp-json\/wp\/v2\/tags?post=1100"}],"curies":[{"name":"wp","href":"https:\/\/api.w.org\/{rel}","templated":true}]}}