{"id":1021,"date":"2025-04-07T22:33:12","date_gmt":"2025-04-07T19:33:12","guid":{"rendered":"https:\/\/derstakip.app\/blog\/2025-saglik-bakanligi-personel-alimi-37-bin-kadro-basvuru-tarihleri-ve-sartlari\/"},"modified":"2025-04-07T22:33:12","modified_gmt":"2025-04-07T19:33:12","slug":"2025-saglik-bakanligi-personel-alimi-37-bin-kadro-basvuru-tarihleri-ve-sartlari","status":"publish","type":"post","link":"https:\/\/derstakip.app\/blog\/2025-saglik-bakanligi-personel-alimi-37-bin-kadro-basvuru-tarihleri-ve-sartlari\/","title":{"rendered":"2025 Sa\u011fl\u0131k Bakanl\u0131\u011f\u0131 Personel Al\u0131m\u0131: 37 Bin Kadro, Ba\u015fvuru Tarihleri ve \u015eartlar\u0131"},"content":{"rendered":"<p>2025 y\u0131l\u0131nda, T\u00fcrkiye Sa\u011fl\u0131k Bakanl\u0131\u011f\u0131 37 bin personel al\u0131m\u0131 yapaca\u011f\u0131n\u0131 a\u00e7\u0131klad\u0131. \u00dclkemizde sa\u011fl\u0131k hizmetlerinin daha kaliteli hale gelmesi i\u00e7in b\u00fcy\u00fck bir ad\u0131m olan bu al\u0131m s\u00fcreci, pek \u00e7ok gencin kariyer hedeflerine ula\u015fma yolunda \u00f6nemli bir f\u0131rsat sunuyor. Sa\u011fl\u0131k Bakanl\u0131\u011f\u0131 personel al\u0131m\u0131 2025 hakk\u0131nda t\u00fcm detaylar\u0131, ba\u015fvuru tarihlerini ve \u015fartlar\u0131 bu yaz\u0131m\u0131zda bulabilirsiniz. \ud83c\udfe5\u2728<\/p>\n<h2>Sa\u011fl\u0131k Bakanl\u0131\u011f\u0131 Personel Al\u0131m\u0131 2025: Kontenjanlar ve Hedefler<\/h2>\n<p>Al\u0131m yap\u0131lacak 37 bin kadronun hangi bran\u015flar i\u00e7in olaca\u011f\u0131 merak konusu. Sa\u011fl\u0131k Bakanl\u0131\u011f\u0131, bu al\u0131m ile sadece hem\u015fire, doktor de\u011fil, ayn\u0131 zamanda sa\u011fl\u0131k teknikeri gibi bir\u00e7ok pozisyonu da kapsayacak. Adaylar\u0131n, hangi alanlarda ihtiya\u00e7 oldu\u011funu bilmesi, bu al\u0131mda ba\u015far\u0131l\u0131 olma \u015fans\u0131n\u0131 art\u0131racak.\ud83d\udcbc<\/p>\n<h3>Ba\u015fvuru Tarihleri<\/h3>\n<p>Sa\u011fl\u0131k Bakanl\u0131\u011f\u0131&#8217;n\u0131n personel al\u0131m\u0131 i\u00e7in belirledi\u011fi ba\u015fvuru tarihleri, 2025 y\u0131l\u0131n\u0131n ilk yar\u0131s\u0131 i\u00e7inde olacak. Adaylar\u0131n dikkat etmesi gereken en \u00f6nemli nokta ise, resmi web sitesinden g\u00fcncel tarihleri takip etmek. Bu s\u00fcre\u00e7te, <a href=\"https:\/\/www.saglik.gov.tr\" target=\"_blank\" rel=\"noopener\">Sa\u011fl\u0131k Bakanl\u0131\u011f\u0131&#8217;n\u0131n resmi web sitesi<\/a> en sa\u011fl\u0131kl\u0131 bilgi kayna\u011f\u0131. \ud83d\udcc5<\/p>\n<h3>Ba\u015fvuru \u015eartlar\u0131<\/h3>\n<p>Al\u0131ma ba\u015fvuracak adaylar\u0131n ta\u015f\u0131mas\u0131 gereken \u015fartlar aras\u0131nda, T\u00fcrkiye Cumhuriyeti vatanda\u015f\u0131 olmak, belirli bir e\u011fitim seviyesine sahip olmak ve sa\u011fl\u0131k a\u00e7\u0131s\u0131ndan \u00e7al\u0131\u015fmaya uygun olmak gibi kriterler bulunmaktad\u0131r. Bu \u015fartlar, her pozisyon i\u00e7in biraz farkl\u0131l\u0131k g\u00f6sterebilir. \u00d6rne\u011fin, hem\u015fire pozisyonu i\u00e7in ge\u00e7erli olan \u015fartlar, laboratuvar teknisyeni i\u00e7in farkl\u0131l\u0131k arz edebilir. \ud83c\udf93<\/p>\n<h4>Ba\u015fvuru S\u00fcrecinde Dikkat Edilmesi Gerekenler<\/h4>\n<ul>\n<li>Online ba\u015fvuru yap\u0131lacak, dolay\u0131s\u0131yla internet eri\u015fiminizin olmas\u0131na dikkat edin.<\/li>\n<li>Gerekli belgeleri ve evraklar\u0131 eksiksiz \u015fekilde haz\u0131rlay\u0131n.<\/li>\n<li>Ba\u015fvuru s\u0131ras\u0131nda verilen s\u00fcreleri ka\u00e7\u0131rmamaya \u00f6zen g\u00f6sterin.<\/li>\n<\/ul>\n<h2>De\u011ferlendirme S\u00fcreci<\/h2>\n<p>Adaylar\u0131n ba\u015fvurular\u0131n\u0131n ard\u0131ndan bir de\u011ferlendirme s\u00fcreci olacak. Bu s\u00fcre\u00e7te, m\u00fclakatlar ve belirli testler uygulanacak. Her a\u015famada dikkat edilmesi gereken en \u00f6nemli fakt\u00f6r, adaylar\u0131n kendilerini en iyi \u015fekilde ifade edebilmesi ve uzmanl\u0131k alanlar\u0131n\u0131 do\u011fru bir \u015fekilde ortaya koymas\u0131d\u0131r. Mesleki deneyimlerinizi anlatmay\u0131 unutmay\u0131n! \ud83d\udcdd<\/p>\n<h3>\u0130stihdam Olanaklar\u0131 ve Kariyer Hedefleri<\/h3>\n<p>Sa\u011fl\u0131k Bakanl\u0131\u011f\u0131 personel al\u0131m\u0131 2025 sonras\u0131, kazan\u0131lan pozisyonlar sayesinde pek \u00e7ok ki\u015fi i\u00e7in yeni kariyer f\u0131rsatlar\u0131 kap\u0131lar\u0131n\u0131 aralayacak. Y\u00fcksek motivasyon ve \u00f6zveriyle \u00e7al\u0131\u015fan personel, sa\u011fl\u0131k sisteminin \u00f6nemli bir par\u00e7as\u0131 olacak. \u015eu an i\u00e7in s\u0131cak geli\u015fmeler ve detaylar i\u00e7in Sa\u011fl\u0131k Bakanl\u0131\u011f\u0131&#8217;n\u0131n sosyal medya hesaplar\u0131n\u0131 takip etmek faydal\u0131 olacakt\u0131r! \ud83d\udce2<\/p>\n<h3>SSS (S\u0131k\u00e7a Sorulan Sorular)<\/h3>\n<h4>Sa\u011fl\u0131k Bakanl\u0131\u011f\u0131 personel al\u0131m\u0131 i\u00e7in ba\u015fvurular ne zaman ba\u015flayacak?<\/h4>\n<p>Ba\u015fvuru tarihleri, 2025 y\u0131l\u0131 i\u00e7erisinde Sa\u011fl\u0131k Bakanl\u0131\u011f\u0131 taraf\u0131ndan a\u00e7\u0131klanacak resmi duyurularla belirlenmektedir. En do\u011fru bilgiyi almak i\u00e7in bakanl\u0131\u011f\u0131n resmi web sitesini takip etmenizde fayda var.<\/p>\n<h4>Hangi pozisyonlar i\u00e7in al\u0131m yap\u0131lacak?<\/h4>\n<p>37 bin kadro aras\u0131nda hem\u015fire, doktor, laboratuvar teknisyeni gibi bir\u00e7ok sa\u011fl\u0131k \u00e7al\u0131\u015fan\u0131 pozisyonu bulunacak.<\/p>\n<h4>Ba\u015fvuru yaparken hangi belgeler gerekli?<\/h4>\n<p>T\u00fcrkiye Cumhuriyeti kimlik belgesi, diploma veya mezuniyet belgeleri gibi gerekli evraklar\u0131n eksiksiz olarak haz\u0131rlanmas\u0131 gerekiyor.<\/p>\n<h4>M\u00fclakat s\u00fcreci nas\u0131l i\u015fliyor?<\/h4>\n<p>M\u00fclakat s\u00fcreci, ba\u015fvurular\u0131n de\u011ferlendirildi\u011fi bir a\u015famad\u0131r. Adaylar\u0131n uzmanl\u0131k alanlar\u0131nda yeterlilikleri sorgulanacakt\u0131r.<\/p>\n<p>Sa\u011fl\u0131k sekt\u00f6r\u00fcnde kariyer hedefleri olan gen\u00e7ler i\u00e7in 2025 y\u0131l\u0131, yeni ba\u015flang\u0131\u00e7lar ve f\u0131rsatlarla dolu bir y\u0131l olacak. Hem \u00fclkemizin sa\u011fl\u0131k sistemine katk\u0131da bulunacak hem de bireyler i\u00e7in \u00f6nemli bir mesleki deneyim kazanma yoludur. Sa\u011fl\u0131k Bakanl\u0131\u011f\u0131 personel al\u0131m\u0131 2025 mutlaka takip edilmeli! \ud83c\udf89<\/p>\n","protected":false},"excerpt":{"rendered":"<p>2025 y\u0131l\u0131nda, T\u00fcrkiye Sa\u011fl\u0131k Bakanl\u0131\u011f\u0131 37 bin personel al\u0131m\u0131 yapaca\u011f\u0131n\u0131 a\u00e7\u0131klad\u0131. \u00dclkemizde sa\u011fl\u0131k hizmetlerinin daha kaliteli hale gelmesi i\u00e7in b\u00fcy\u00fck bir ad\u0131m olan bu al\u0131m s\u00fcreci, pek \u00e7ok gencin kariyer hedeflerine ula\u015fma yolunda \u00f6nemli bir f\u0131rsat sunuyor. Sa\u011fl\u0131k Bakanl\u0131\u011f\u0131 personel al\u0131m\u0131 2025 hakk\u0131nda t\u00fcm detaylar\u0131, ba\u015fvuru tarihlerini ve \u015fartlar\u0131 bu yaz\u0131m\u0131zda bulabilirsiniz. \ud83c\udfe5\u2728 Sa\u011fl\u0131k Bakanl\u0131\u011f\u0131&#8230;<\/p>\n","protected":false},"author":1,"featured_media":1020,"comment_status":"open","ping_status":"open","sticky":false,"template":"","format":"standard","meta":{"footnotes":""},"categories":[84],"tags":[],"class_list":["post-1021","post","type-post","status-publish","format-standard","has-post-thumbnail","hentry","category-haber"],"_links":{"self":[{"href":"https:\/\/derstakip.app\/blog\/wp-json\/wp\/v2\/posts\/1021","targetHints":{"allow":["GET"]}}],"collection":[{"href":"https:\/\/derstakip.app\/blog\/wp-json\/wp\/v2\/posts"}],"about":[{"href":"https:\/\/derstakip.app\/blog\/wp-json\/wp\/v2\/types\/post"}],"author":[{"embeddable":true,"href":"https:\/\/derstakip.app\/blog\/wp-json\/wp\/v2\/users\/1"}],"replies":[{"embeddable":true,"href":"https:\/\/derstakip.app\/blog\/wp-json\/wp\/v2\/comments?post=1021"}],"version-history":[{"count":0,"href":"https:\/\/derstakip.app\/blog\/wp-json\/wp\/v2\/posts\/1021\/revisions"}],"wp:featuredmedia":[{"embeddable":true,"href":"https:\/\/derstakip.app\/blog\/wp-json\/wp\/v2\/media\/1020"}],"wp:attachment":[{"href":"https:\/\/derstakip.app\/blog\/wp-json\/wp\/v2\/media?parent=1021"}],"wp:term":[{"taxonomy":"category","embeddable":true,"href":"https:\/\/derstakip.app\/blog\/wp-json\/wp\/v2\/categories?post=1021"},{"taxonomy":"post_tag","embeddable":true,"href":"https:\/\/derstakip.app\/blog\/wp-json\/wp\/v2\/tags?post=1021"}],"curies":[{"name":"wp","href":"https:\/\/api.w.org\/{rel}","templated":true}]}}